{"id":279,"date":"2016-09-27T10:09:07","date_gmt":"2016-09-27T08:09:07","guid":{"rendered":"http:\/\/silviawillecke.de\/?p=279"},"modified":"2016-09-27T10:10:31","modified_gmt":"2016-09-27T08:10:31","slug":"peter-pan","status":"publish","type":"post","link":"http:\/\/silviawillecke.de\/?p=279","title":{"rendered":"Peter Pan"},"content":{"rendered":"Auch in diesem Jahr bin ich am Staatstheater Darmstadt t\u00e4tig.\r\n\r\nund freue mich darauf das Weihnachtsm\u00e4rchen wieder als Vocalcoach betreuen zu d\u00fcrfen.\r\n\r\nDiesmal steht Peter Pan auf dem Programm.\r\n\r\nRegie: Ulf Goerke,\r\n\r\n<strong>Premiere: 20.11.2016, 15 Uhr, Staatstheater Darmstadt<\/strong>","protected":false},"excerpt":{"rendered":"<p>Auch in diesem Jahr bin ich am Staatstheater Darmstadt t\u00e4tig. und freue mich darauf das Weihnachtsm\u00e4rchen wieder als Vocalcoach betreuen zu d\u00fcrfen. Diesmal steht Peter Pan auf dem Programm. Regie: Ulf Goerke, Premiere: 20.11.2016, 15 Uhr, Staatstheater Darmstadt<\/p>\n","protected":false},"author":1,"featured_media":162,"comment_status":"closed","ping_status":"open","sticky":false,"template":"","format":"standard","meta":[],"categories":[1],"tags":[],"_links":{"self":[{"href":"http:\/\/silviawillecke.de\/index.php?rest_route=\/wp\/v2\/posts\/279"}],"collection":[{"href":"http:\/\/silviawillecke.de\/index.php?rest_route=\/wp\/v2\/posts"}],"about":[{"href":"http:\/\/silviawillecke.de\/index.php?rest_route=\/wp\/v2\/types\/post"}],"author":[{"embeddable":true,"href":"http:\/\/silviawillecke.de\/index.php?rest_route=\/wp\/v2\/users\/1"}],"replies":[{"embeddable":true,"href":"http:\/\/silviawillecke.de\/index.php?rest_route=%2Fwp%2Fv2%2Fcomments&post=279"}],"version-history":[{"count":1,"href":"http:\/\/silviawillecke.de\/index.php?rest_route=\/wp\/v2\/posts\/279\/revisions"}],"predecessor-version":[{"id":280,"href":"http:\/\/silviawillecke.de\/index.php?rest_route=\/wp\/v2\/posts\/279\/revisions\/280"}],"wp:featuredmedia":[{"embeddable":true,"href":"http:\/\/silviawillecke.de\/index.php?rest_route=\/wp\/v2\/media\/162"}],"wp:attachment":[{"href":"http:\/\/silviawillecke.de\/index.php?rest_route=%2Fwp%2Fv2%2Fmedia&parent=279"}],"wp:term":[{"taxonomy":"category","embeddable":true,"href":"http:\/\/silviawillecke.de\/index.php?rest_route=%2Fwp%2Fv2%2Fcategories&post=279"},{"taxonomy":"post_tag","embeddable":true,"href":"http:\/\/silviawillecke.de\/index.php?rest_route=%2Fwp%2Fv2%2Ftags&post=279"}],"curies":[{"name":"wp","href":"https:\/\/api.w.org\/{rel}","templated":true}]}}