{"id":394,"date":"2021-08-23T12:27:30","date_gmt":"2021-08-23T10:27:30","guid":{"rendered":"http:\/\/silviawillecke.de\/?p=394"},"modified":"2021-08-23T14:37:22","modified_gmt":"2021-08-23T12:37:22","slug":"im-weissen-roessl","status":"publish","type":"post","link":"http:\/\/silviawillecke.de\/?p=394","title":{"rendered":"Im weissen R\u00f6ssl"},"content":{"rendered":"Im weissen R\u00f6ssl\r\n02 .- 05. September 2021\r\nDIE VERR\u00dcCKTESTE HOTEL-KOM\u00d6DIE ALLER ZEITEN\r\nIm September 2021 ist es soweit: DAS WEISSE R\u00d6SSL kommt in die Vulkaneifel.\r\nIn einer spektakul\u00e4ren Open Air Inszenierung der Freilichtspiele Gem\u00fcnden erlebt die weltbekannte Verwechslungskom\u00f6die seine Premiere und \u00fcberrascht mit einem einzigartigen B\u00fchnenbild und mit erstklassigen international bekannten Darstellern.\r\n\u200b\r\nMit dabei sind nat\u00fcrlich die bekannten Charaktere und Melodien, wie \"Zuschaun kann i net\" oder\r\n\"Im wei\u00dfen R\u00f6ssl am Wolfgangsee\" die diese einzigartige und vor allem lustige Geschichte zu einer der beliebtesten Revue-Operetten aller Zeiten machen.\r\n\u200b\r\nIch bin als Ottilie dabei und durfte die musikalische Leitung \u00fcbernehmen. Es wird ein riesen Spa\u00df, kommet in Scharen!\r\n\r\nAlle Infos unter:\r\nhttps:\/\/www.freilichtspiele-gemuenden.de\/imweissenroessl","protected":false},"excerpt":{"rendered":"<p>Im weissen R\u00f6ssl 02 .- 05. September 2021 DIE VERR\u00dcCKTESTE HOTEL-KOM\u00d6DIE ALLER ZEITEN Im September 2021 ist es soweit: DAS WEISSE R\u00d6SSL kommt in die Vulkaneifel. In einer spektakul\u00e4ren Open Air Inszenierung der Freilichtspiele Gem\u00fcnden erlebt die weltbekannte Verwechslungskom\u00f6die seine Premiere und \u00fcberrascht mit einem einzigartigen B\u00fchnenbild und mit erstklassigen international bekannten Darstellern. \u200b Mit&#8230;<\/p>\n","protected":false},"author":1,"featured_media":398,"comment_status":"closed","ping_status":"open","sticky":false,"template":"","format":"standard","meta":[],"categories":[1],"tags":[],"_links":{"self":[{"href":"http:\/\/silviawillecke.de\/index.php?rest_route=\/wp\/v2\/posts\/394"}],"collection":[{"href":"http:\/\/silviawillecke.de\/index.php?rest_route=\/wp\/v2\/posts"}],"about":[{"href":"http:\/\/silviawillecke.de\/index.php?rest_route=\/wp\/v2\/types\/post"}],"author":[{"embeddable":true,"href":"http:\/\/silviawillecke.de\/index.php?rest_route=\/wp\/v2\/users\/1"}],"replies":[{"embeddable":true,"href":"http:\/\/silviawillecke.de\/index.php?rest_route=%2Fwp%2Fv2%2Fcomments&post=394"}],"version-history":[{"count":3,"href":"http:\/\/silviawillecke.de\/index.php?rest_route=\/wp\/v2\/posts\/394\/revisions"}],"predecessor-version":[{"id":397,"href":"http:\/\/silviawillecke.de\/index.php?rest_route=\/wp\/v2\/posts\/394\/revisions\/397"}],"wp:featuredmedia":[{"embeddable":true,"href":"http:\/\/silviawillecke.de\/index.php?rest_route=\/wp\/v2\/media\/398"}],"wp:attachment":[{"href":"http:\/\/silviawillecke.de\/index.php?rest_route=%2Fwp%2Fv2%2Fmedia&parent=394"}],"wp:term":[{"taxonomy":"category","embeddable":true,"href":"http:\/\/silviawillecke.de\/index.php?rest_route=%2Fwp%2Fv2%2Fcategories&post=394"},{"taxonomy":"post_tag","embeddable":true,"href":"http:\/\/silviawillecke.de\/index.php?rest_route=%2Fwp%2Fv2%2Ftags&post=394"}],"curies":[{"name":"wp","href":"https:\/\/api.w.org\/{rel}","templated":true}]}}