{"id":412,"date":"2022-04-04T21:36:40","date_gmt":"2022-04-04T19:36:40","guid":{"rendered":"http:\/\/silviawillecke.de\/?p=412"},"modified":"2022-04-04T21:36:40","modified_gmt":"2022-04-04T19:36:40","slug":"far-beyond-my-window","status":"publish","type":"post","link":"http:\/\/silviawillecke.de\/?p=412","title":{"rendered":"Far beyond my window"},"content":{"rendered":"Ich habe die spielfreie Zeit unter Corona genutzt und meine erste Solo-EP \"F\u00fcr beyond my window\" ver\u00f6ffentlicht.\r\n\r\nEntstanden sind drei Songs, die ich gemeinsam mit Timo Willecke und Claus Weyrauther aufgenommen habe.\r\nMein Mann hat sie produziert, und ich mag sie sehr \ud83d\ude42\r\n\r\n-Far beyond my window\r\n\r\n-Strange days\r\n\r\n-Let me know you\r\n\r\nzu h\u00f6ren auf allen g\u00e4ngigen Streaming Plattformen. H\u00f6rt rein, klickt und Liked.\r\n\r\n<iframe style=\"border-radius: 12px\" width=\"100%\" height=\"380\" title=\"Spotify Embed: Silvia Willecke\" frameborder=\"0\" allowfullscreen allow=\"autoplay; clipboard-write; encrypted-media; fullscreen; picture-in-picture\" src=\"https:\/\/open.spotify.com\/embed\/artist\/2eL2huEkBA74l55v9TqM08?utm_source=oembed\"><\/iframe>\r\n\r\nFoto: Jana Kay\r\n\r\n&nbsp;","protected":false},"excerpt":{"rendered":"<p>Ich habe die spielfreie Zeit unter Corona genutzt und meine erste Solo-EP &#8222;F\u00fcr beyond my window&#8220; ver\u00f6ffentlicht. Entstanden sind drei Songs, die ich gemeinsam mit Timo Willecke und Claus Weyrauther aufgenommen habe. Mein Mann hat sie produziert, und ich mag sie sehr \ud83d\ude42 -Far beyond my window -Strange days -Let me know you zu h\u00f6ren&#8230;<\/p>\n","protected":false},"author":1,"featured_media":306,"comment_status":"closed","ping_status":"open","sticky":false,"template":"","format":"standard","meta":[],"categories":[1],"tags":[],"_links":{"self":[{"href":"http:\/\/silviawillecke.de\/index.php?rest_route=\/wp\/v2\/posts\/412"}],"collection":[{"href":"http:\/\/silviawillecke.de\/index.php?rest_route=\/wp\/v2\/posts"}],"about":[{"href":"http:\/\/silviawillecke.de\/index.php?rest_route=\/wp\/v2\/types\/post"}],"author":[{"embeddable":true,"href":"http:\/\/silviawillecke.de\/index.php?rest_route=\/wp\/v2\/users\/1"}],"replies":[{"embeddable":true,"href":"http:\/\/silviawillecke.de\/index.php?rest_route=%2Fwp%2Fv2%2Fcomments&post=412"}],"version-history":[{"count":1,"href":"http:\/\/silviawillecke.de\/index.php?rest_route=\/wp\/v2\/posts\/412\/revisions"}],"predecessor-version":[{"id":413,"href":"http:\/\/silviawillecke.de\/index.php?rest_route=\/wp\/v2\/posts\/412\/revisions\/413"}],"wp:featuredmedia":[{"embeddable":true,"href":"http:\/\/silviawillecke.de\/index.php?rest_route=\/wp\/v2\/media\/306"}],"wp:attachment":[{"href":"http:\/\/silviawillecke.de\/index.php?rest_route=%2Fwp%2Fv2%2Fmedia&parent=412"}],"wp:term":[{"taxonomy":"category","embeddable":true,"href":"http:\/\/silviawillecke.de\/index.php?rest_route=%2Fwp%2Fv2%2Fcategories&post=412"},{"taxonomy":"post_tag","embeddable":true,"href":"http:\/\/silviawillecke.de\/index.php?rest_route=%2Fwp%2Fv2%2Ftags&post=412"}],"curies":[{"name":"wp","href":"https:\/\/api.w.org\/{rel}","templated":true}]}}