{"id":470,"date":"2024-11-05T20:50:27","date_gmt":"2024-11-05T18:50:27","guid":{"rendered":"http:\/\/silviawillecke.de\/?p=470"},"modified":"2026-01-08T10:27:50","modified_gmt":"2026-01-08T08:27:50","slug":"mallorca-choir-workshop","status":"publish","type":"post","link":"http:\/\/silviawillecke.de\/?p=470","title":{"rendered":"2. Mallorca Chor-Workshop"},"content":{"rendered":"\n<pre class=\"wp-block-verse has-black-color has-text-color has-medium-font-size\"><strong>05.-08.02.2026 <\/strong>\n<strong>Carrer des Ses Pedreres 17<\/strong>\n<strong>07580 Capdepera<\/strong>\n<strong>Mallorca <\/strong>\n<strong>Illes Baleares, Espa\u00f1a<\/strong><\/pre>\n\n\n\n<pre class=\"wp-block-verse has-black-color has-text-color has-medium-font-size\">For English, Spanish versions please see below. \n\n<strong>Auf deutsch:<\/strong>\nWir hatten so viel Spa\u00df im letzten Sommer, dass wir im Februar in die N\u00e4chste Runde gehen.\n\nAls ich Sister Act bei den Theaterfestspielen Vulkaneifel gespielt habe, durfte ich die tolle Gudi Schade kennenlernen. Und dann hat sie mich prompt gefragt, ob ich Lust h\u00e4tte einen Chor- und Gesangs-Workshop auf Mallorca zu geben. Und hier ist er :)\n\nDer Workshop richtet sich an alle, die gerne singen, oder beginnen wollen zu singen. Chorerfahrung ist toll, aber keine Vorraussetzung. Jeder kann mitmachen und der Spa\u00df steht im Vordergrund. Es werden Chorst\u00fccke in Close Harmony erarbeitet, das bedeutet, dass die Chorstimmen eng beieinander liegen und meist parallel verlaufen. Beispiele daf\u00fcr sind \u201eBei mir bist du sch\u00f6n\u201c von den Andrew Sisters oder \u201eMr. Sandman\u201c von the Chordettes. Die Arrangements werden aber f\u00fcr gemischte Ch\u00f6re sein, also f\u00fcr M\u00e4nner und Frauenstimmen. Die St\u00fccke sind aus dem Bereich des Pop und Jazz.\n\nDie Proben beginnen mit Atem- und Gesangs\u00fcbungen, die die Stimme und den K\u00f6rper aufw\u00e4rmen und st\u00e4rken, und Grundlagen der Gesangstechnik vermitteln. Danach werden die St\u00fccke erarbeitet. Au\u00dferdem werden wir auf die Performance f\u00fcr Sonntag schauen. \nAlles Erlernte wird am Sonntag in einem kleinen Abschlusskonzert pr\u00e4sentiert. \nDer Workshop wird in englischer Sprache gehalten und kann bei Bedarf ins Deutsche oder Spanische \u00fcbersetzt werden.\n\n<strong>Zeitplan Workshop<\/strong>\n\n<strong>Donnerstag: 05.02.2026<\/strong>\n18:00 -21:00 Kennenlernen, alle Informationen \u00fcber das Wochenende\nEinsingen, warm up \nChorprobe\n\n<strong>Freitag: 06.02.202<\/strong>6\n10:00-10:30 Einsingen, warm up\n10:30-14:00 Chorprobe\nPause\n16:00-16:30 Einsingen, warm up \n16:30-19:00 Chorprobe \n\n<strong>Samstag: 07.02.202<\/strong>6\n10:00-10:30 Einsingen, warm up\n10:30-14:00 Chorprobe\nPause\n16:00-16:30 Einsingen\n16:30-19:00 Chorprobe\n\n<strong>Sonntag 08.02.202<\/strong>6\n10:00-10:30 Einsingen, warm up\n10:30-14:00 Generalprobe \nPause\n18:00 Get-in, Einsingen, warm up \n19:00 <strong>Abschlusskonzert<\/strong>\n\nDie Kosten f\u00fcr den Workshop betragen 180\u20ac f\u00fcr Erwachsene und 150\u20ac f\u00fcr Sch\u00fcler und Studenten.\nAnmeldungen\/Paypal bitte an:<strong> singingmallorca@yahoo.com<\/strong> \nF\u00fcr Tipps f\u00fcr Unterk\u00fcnfte schreibt uns gerne an.<\/pre>\n\n\n\n<pre class=\"wp-block-verse has-black-color has-text-color has-medium-font-size\">So happy and proud that the fabulous Gudi Schade asked me to come to Mallorca to give a choir and vocal workshop. And here we go :) \n\nThe workshop invites everyone who enjoys singing. Experience in choir-singing is nice, but not necessary. Everybody is welcome and the fun fact is our main interest. We will learn pieces in close harmony, which means that the different voices are arranged close together and are usually following parallel lines. For example \"Bei mir bist Du sch\u00f6n\" by the Andrew Sisters or \"Mr. Sandman\" by the Chordettes. But our arrangements are for a mixed choir and include female and male voices. The style will be Jazz and Pop.  \n\nEach rehearsal starts with a vocal- and a light body-warm up to strengthen and increase your voice. The warm ups also give you a basic look into vocal technique. Afterwards we focus on the songs. The rehearsals also include a little performance training. Sunday we will have a small concert to present everything we achieved. \nThe workshop is kept in English and can be translated into German or Spanish if necessary.\n\n<strong>Timetable Workshop: <\/strong>\n\n<strong>Thursday: 05.02.2026  <\/strong> \n6:00-9:00 p.m. Get to know each other, all informations about the weekend,   \nVocal warm up, Choir rehearsal \n\n<strong>Friday: 06.02.202<\/strong>6 \n10:00 a.m. - 10:30 a.m. Vocal warm up  \n10:30 a.m. - 2:00 p.m. Choir rehearsal \nBreak \n4:00 p.m. - 4:30 p.m. Vocal warm up \n4:30 p.m. 7:00 p. m. Choir rehearsal  \n\n<strong>Saturday: 07.02.202<\/strong>6 \n10:00 a.m. - 10:30 a.m. Vocal warm up  \n10:30 a.m. - 2:00 p.m. Choir rehearsal\nBreak \n4:00 p.m. - 4:30 p.m. Vocal warm up \n4:30 p.m. - 7:00 p. m. Choir rehearsal  \n\n<strong>Sunday: 08.02.202<\/strong>6\n10:00 a.m. - 10:30 a.m. Vocal warm up \n10:30 a.m. - 2:00 p.m. Choir rehearsal\nBreak\n6:00 p.m. get in, Vocal warm up\n7:00 p.m.<strong> Concert<\/strong><\/pre>\n\n\n\n<div class=\"wp-container-1 wp-block-group\"><div class=\"wp-block-group__inner-container\">\n<pre class=\"wp-block-verse has-black-color has-text-color has-medium-font-size\">The costs for the workshop are 180\u20ac per person and 150\u20ac for students.\nFor signing in and paypal: <strong>singingmallorca@yahoo.com<\/strong>\nWe're happy to give suggestions about accommodation.<\/pre>\n<\/div><\/div>\n\n\n\n<pre class=\"wp-block-verse has-black-color has-text-color has-medium-font-size\"><strong>en espa\u00f1ol:<\/strong>\nCuando interpret\u00e9 Sister Act en el Festival de Teatro de Vulkaneifel, conoc\u00ed al gran Gudi Schade. Y enseguida me pregunt\u00f3 si me gustar\u00eda dar un taller de coro y canto en Mallorca. Y aqu\u00ed est\u00e1 :)\n\nEl taller est\u00e1 dirigido a cualquier persona a la que le guste cantar o quiera iniciarse en el canto. La experiencia en coro es excelente, pero no es un requisito. Cualquiera puede unirse y la atenci\u00f3n se centra en divertirse. Las piezas corales se elaboran en estrecha armon\u00eda, lo que significa que las voces corales est\u00e1n muy juntas y normalmente tocan en paralelo. Ejemplos de esto son \u201cEres hermoso conmigo\u201d de las Andrew Sisters o \u201cMr. Sandman\u201d de los Chordette. Los arreglos ser\u00e1n para coros mixtos, incluyendo voces masculinas y femeninas. Las piezas son del \u00e1rea del pop y el jazz.\nCada ensayo comenzar\u00e1 con un calentamiento vocal y corporal ligero para fortalecer y aumentar la voz. El calentamiento tambi\u00e9n te dar\u00e1 una visi\u00f3n b\u00e1sica de la t\u00e9cnica vocal. Despu\u00e9s del calentamiento trabajaremos en las canciones. Adem\u00e1s, habr\u00e1 un peque\u00f1o entrenamiento de interpretaci\u00f3n. El domingo tendremos un peque\u00f1o concierto para presentar todo lo que hemos logrado.\n\n\n<strong>en catal\u00e1n:<\/strong>\nQuan vaig interpretar Sister Act al Festival de Teatre de Vulkaneifel, vaig con\u00e8ixer el gran Gudi Schade. I de seguida em va preguntar si m'agradaria fer un taller de cor i cant a Mallorca. I aqu\u00ed est\u00e0 :)\n\nEl taller \u00e9s dirigit a qualsevol persona a qui li agradi cantar o vulgui iniciar-se al cant. L'experi\u00e8ncia en cor \u00e9s excel\u00b7lent, per\u00f2 no \u00e9s un requisit. Qualsevol es pot unir i l'atenci\u00f3 se centra a divertir-se. Les peces corals s'elaboren en estreta harmonia, cosa que significa que les veus corals estan molt juntes i normalment toquen en paral\u00b7lel. Exemples d'aix\u00f2 s\u00f3n \u201cEts bell amb mi\u201d de les Andrew Sisters o \u201cMr. Sandman\" dels Chordette. Els arranjaments seran per a cors mixtos, incloent-hi veus masculines i femenines. Les peces s\u00f3n de l'\u00e0rea del pop i el jazz.\n\nEls assajos comencen amb exercicis de respiraci\u00f3 i cant, que escalfen i enforteixen la veu i ensenyen els conceptes b\u00e0sics de la t\u00e8cnica del cant. Despr\u00e9s es desenvolupen les peces. Tamb\u00e9 hi haur\u00e0 entrenament vocal en solitari gratu\u00eft. Tot el que s'ha apr\u00e8s s'exposar\u00e0 en un petit concert al diumenge.\nEl taller se llevar\u00e1 a cabo en ingl\u00e9s y podr\u00e1 traducirse al alem\u00e1n o espa\u00f1ol si es necesario.<\/pre>\n\n\n\n<pre class=\"wp-block-verse has-black-color has-text-color has-medium-font-size\"><strong>Agendar taller<\/strong>\n<strong>Jueves: 5 de febrero de 202<\/strong>6\n6:00 p.m. 9:00 p.m. Conociendonos, toda la informaci\u00f3n sobre el fin de semana, \ncalentamiento - ensayo del coro\n\n<strong>Viernes: 6 de febrero de 202<\/strong>6\n10:00 a.m. - 10:30 a.m. Canto, calentamiento  \n10:30 a.m. - 2:00 p.m. ensayo del coro\npausa\n4:00 p.m. - 4:30 p.m. Canto, calentamiento \n4:30 p.m. 7:00 p.m. ensayo del coro\n\n<strong>S\u00e1bado: 7 de febrero de 202<\/strong>6\n10:00 a.m. - 10:30 a.m. Canto, calentamiento \n10:30 a.m. - 2:00 p.m. Ensayo del coro\npausa\n4:00 p.m. - 4:30 p.m. Canto, calentamiento \n4:30 p.m. - 7:00 p. m. Ensayo del coro\n\n<strong>Domingo: 08 de febrero de 202<\/strong>6\n10:00 a.m. - 10:30 a.m. Canto, calentamiento \n10:30 a.m. - 2:00 p.m. Ensayo general\npausa\n18:00 h Entrada, calentamiento \n19:00 h Concierto final<\/pre>\n\n\n\n<pre class=\"wp-block-verse has-medium-font-size\">El taller costar\u00e1 180\u20ac por persona y 150\u20ac para estudiantes. \nPara inscribirse y pagar por paypal:&nbsp;<a href=\"mailto:singingmallorca@yahoo.com\">singingmallorca@yahoo.com<\/a>&nbsp;\nEstaremos encantados de hacer sugerencias sobre alojamiento.<\/pre>\n","protected":false},"excerpt":{"rendered":"<p>05.-08.02.2026 Carrer des Ses Pedreres 17 07580 Capdepera Mallorca Illes Baleares, Espa\u00f1a For English, Spanish versions please see below. Auf deutsch: Wir hatten so viel Spa\u00df im letzten Sommer, dass wir im Februar in die N\u00e4chste Runde gehen. Als ich Sister Act bei den Theaterfestspielen Vulkaneifel gespielt habe, durfte ich die tolle Gudi Schade kennenlernen&#8230;.<\/p>\n","protected":false},"author":1,"featured_media":540,"comment_status":"closed","ping_status":"open","sticky":false,"template":"","format":"standard","meta":[],"categories":[1],"tags":[],"_links":{"self":[{"href":"http:\/\/silviawillecke.de\/index.php?rest_route=\/wp\/v2\/posts\/470"}],"collection":[{"href":"http:\/\/silviawillecke.de\/index.php?rest_route=\/wp\/v2\/posts"}],"about":[{"href":"http:\/\/silviawillecke.de\/index.php?rest_route=\/wp\/v2\/types\/post"}],"author":[{"embeddable":true,"href":"http:\/\/silviawillecke.de\/index.php?rest_route=\/wp\/v2\/users\/1"}],"replies":[{"embeddable":true,"href":"http:\/\/silviawillecke.de\/index.php?rest_route=%2Fwp%2Fv2%2Fcomments&post=470"}],"version-history":[{"count":49,"href":"http:\/\/silviawillecke.de\/index.php?rest_route=\/wp\/v2\/posts\/470\/revisions"}],"predecessor-version":[{"id":539,"href":"http:\/\/silviawillecke.de\/index.php?rest_route=\/wp\/v2\/posts\/470\/revisions\/539"}],"wp:featuredmedia":[{"embeddable":true,"href":"http:\/\/silviawillecke.de\/index.php?rest_route=\/wp\/v2\/media\/540"}],"wp:attachment":[{"href":"http:\/\/silviawillecke.de\/index.php?rest_route=%2Fwp%2Fv2%2Fmedia&parent=470"}],"wp:term":[{"taxonomy":"category","embeddable":true,"href":"http:\/\/silviawillecke.de\/index.php?rest_route=%2Fwp%2Fv2%2Fcategories&post=470"},{"taxonomy":"post_tag","embeddable":true,"href":"http:\/\/silviawillecke.de\/index.php?rest_route=%2Fwp%2Fv2%2Ftags&post=470"}],"curies":[{"name":"wp","href":"https:\/\/api.w.org\/{rel}","templated":true}]}}