{"id":95,"date":"2015-01-17T14:32:49","date_gmt":"2015-01-17T14:32:49","guid":{"rendered":"http:\/\/silviawillecke.de\/wordpress\/?p=95"},"modified":"2016-05-30T08:01:33","modified_gmt":"2016-05-30T08:01:33","slug":"let-the-sunshine-in","status":"publish","type":"post","link":"http:\/\/silviawillecke.de\/?p=95","title":{"rendered":"Let the sunshine in"},"content":{"rendered":"Nach 17 Jahren durfte ich wieder als Crissy auf der B\u00fchne stehen. Das war ein gro\u00dfer Spa\u00df.\r\n\r\n\"Hair\" am Landestheater Coburg.\r\nRegie: Iris Limbarth, Premiere: 17.01.2015","protected":false},"excerpt":{"rendered":"<p>Nach 17 Jahren durfte ich wieder als Crissy auf der B\u00fchne stehen. Das war ein gro\u00dfer Spa\u00df. &#8222;Hair&#8220; am Landestheater Coburg. Regie: Iris Limbarth, Premiere: 17.01.2015<\/p>\n","protected":false},"author":1,"featured_media":97,"comment_status":"closed","ping_status":"open","sticky":false,"template":"","format":"standard","meta":[],"categories":[1],"tags":[],"_links":{"self":[{"href":"http:\/\/silviawillecke.de\/index.php?rest_route=\/wp\/v2\/posts\/95"}],"collection":[{"href":"http:\/\/silviawillecke.de\/index.php?rest_route=\/wp\/v2\/posts"}],"about":[{"href":"http:\/\/silviawillecke.de\/index.php?rest_route=\/wp\/v2\/types\/post"}],"author":[{"embeddable":true,"href":"http:\/\/silviawillecke.de\/index.php?rest_route=\/wp\/v2\/users\/1"}],"replies":[{"embeddable":true,"href":"http:\/\/silviawillecke.de\/index.php?rest_route=%2Fwp%2Fv2%2Fcomments&post=95"}],"version-history":[{"count":3,"href":"http:\/\/silviawillecke.de\/index.php?rest_route=\/wp\/v2\/posts\/95\/revisions"}],"predecessor-version":[{"id":256,"href":"http:\/\/silviawillecke.de\/index.php?rest_route=\/wp\/v2\/posts\/95\/revisions\/256"}],"wp:featuredmedia":[{"embeddable":true,"href":"http:\/\/silviawillecke.de\/index.php?rest_route=\/wp\/v2\/media\/97"}],"wp:attachment":[{"href":"http:\/\/silviawillecke.de\/index.php?rest_route=%2Fwp%2Fv2%2Fmedia&parent=95"}],"wp:term":[{"taxonomy":"category","embeddable":true,"href":"http:\/\/silviawillecke.de\/index.php?rest_route=%2Fwp%2Fv2%2Fcategories&post=95"},{"taxonomy":"post_tag","embeddable":true,"href":"http:\/\/silviawillecke.de\/index.php?rest_route=%2Fwp%2Fv2%2Ftags&post=95"}],"curies":[{"name":"wp","href":"https:\/\/api.w.org\/{rel}","templated":true}]}}